{"id":1030,"date":"2022-01-31T17:22:02","date_gmt":"2022-01-31T16:22:02","guid":{"rendered":"https:\/\/www.tokyo-band.cz\/?p=1030"},"modified":"2022-01-31T17:34:46","modified_gmt":"2022-01-31T16:34:46","slug":"50-let-po-valce","status":"publish","type":"post","link":"https:\/\/www.tokyo-band.cz\/index.php\/2022\/01\/31\/50-let-po-valce\/","title":{"rendered":"50 let po v\u00e1lce (Tak proto 2021)"},"content":{"rendered":"\n<p><\/p>\n\n\n\n<p>Je 50 let po v\u00e1lce a dvacet minut p\u0159ed n\u00ed<br>R\u00e1no bud\u00ed ospalce a na st\u0159echu jde zedn\u00edk<br>V ruce nese kladivo a na b\u0159i\u0161e kus vany<br>Ve\u010der, kdy\u017e byl na pivo, tak padly prvn\u00ed r\u00e1ny<\/p>\n\n\n\n<p>T\u011bch piv bylo v\u00edc &#8211; tak 10, mo\u017en\u00e1 20<br>A slova siln\u00e1, jako kdysi za mobilizace<br>Cestou dom\u016f k\u0159i\u010deli na luhy, lesy<br>A na ramvej\u00edch p\u0159ist\u00e1valy dal\u0161\u00ed herkulesy<\/p>\n\n\n\n<p>A doma jenom \u017eena &#8211; tak li\u0161tit nen\u00ed komu<br>D\u011bcka sp\u00ed, mo\u017en\u00e1 d\u00e1vno u\u017e jsou z domu<br>A panely bl\u00edzko a m\u00e1lo m\u00edsta<br>A pak ten pocit, jako \u017ee se n\u011bco chyst\u00e1<\/p>\n\n\n\n<p><strong>Tak nen\u00ed divu, \u017ee sotva m\u016f\u017ee sp\u00e1t<\/strong><\/p>\n\n\n\n<p>R\u00e1no je jak bota a blb\u00fd bud\u00edk zvon\u00ed<br>Hlava se mu mot\u00e1 po pivu a po n\u00ed<br>Ne\u010dist\u00ed si zuby a neum\u00fdv\u00e1 ruce<br>A no\u017eem v chlebu zabil z\u00e1rodky revoluce<\/p>\n\n\n\n<p>Te\u010f po schodi\u0161ti stoup\u00e1 a ka\u017ed\u00fdm krokem s\u00edl\u00ed<br>Jistota, \u017ee \u00fatok za\u010dne ka\u017edou chv\u00edli<br>Rozechv\u011bl\u00fd na prvn\u00ed r\u00e1nu<br>Ale je\u0161t\u011b m\u00e1 to kladivo a na b\u0159i\u0161e tu vanu<\/p>\n\n\n\n<p>A naho\u0159e je ticho a v\u00fd\u0161ka, kter\u00e1 lek\u00e1<br>Domy jsou sk\u00e1ly a ulice je \u0159eka<br>A v tom okam\u017eiku se mu neurony spoj\u00ed<br>A ve zv\u00ed\u0159ec\u00edm k\u0159iku d\u00e1 v\u011bd\u011bt, \u017ee se boj\u00ed<\/p>\n\n\n\n<p>On se boj\u00ed<\/p>\n\n\n\n<p><strong>Tak nen\u00ed divu, \u017ee sotva d\u00fdch\u00e1,\u00a0<\/strong><br><strong>Pad\u00e1 mu kladivo i k\u00e1men z b\u0159icha<\/strong><br><strong>On se boj\u00ed, on se boj\u00ed<\/strong><br><strong>Tak nen\u00ed divu, \u017ee sotva m\u016f\u017ee st\u00e1t<\/strong><\/p>\n\n\n\n<p><strong>Je pades\u00e1t let po v\u00e1lce a dvacet minut p\u0159ed n\u00ed<\/strong><br><strong>R\u00e1no bud\u00ed ospalce a na st\u0159e\u0161e ten zedn\u00edk<\/strong><br><strong>Kdy\u017e sly\u0161\u00ed slova vy\u0159van\u00e1, jak do panel\u016f bu\u0161\u00ed<\/strong><br><strong>\u0160pinav\u00fdma rukama si zacpe ob\u011b u\u0161i<\/strong><\/p>\n\n\n\n<p><\/p>\n","protected":false},"excerpt":{"rendered":"<p>Je 50 let po v\u00e1lce a dvacet minut p\u0159ed n\u00edR\u00e1no bud\u00ed ospalce a na st\u0159echu jde zedn\u00edkV ruce nese kladivo a na b\u0159i\u0161e kus vanyVe\u010der, kdy\u017e byl na pivo, tak padly prvn\u00ed r\u00e1ny T\u011bch piv bylo v\u00edc &#8211; tak 10, mo\u017en\u00e1 20A slova siln\u00e1, jako kdysi za mobilizaceCestou dom\u016f k\u0159i\u010deli na luhy, lesyA na ramvej\u00edch &hellip; <\/p>\n<p class=\"link-more\"><a href=\"https:\/\/www.tokyo-band.cz\/index.php\/2022\/01\/31\/50-let-po-valce\/\" class=\"more-link\">Pokra\u010dovat ve \u010dten\u00ed<span class=\"screen-reader-text\"> &#8222;50 let po v\u00e1lce (Tak proto 2021)&#8220;<\/span><\/a><\/p>\n","protected":false},"author":1,"featured_media":0,"comment_status":"open","ping_status":"open","sticky":false,"template":"","format":"standard","meta":{"footnotes":""},"categories":[7],"tags":[24,4],"class_list":["post-1030","post","type-post","status-publish","format-standard","hentry","category-texty","tag-tak-proto-2021","tag-texty"],"_links":{"self":[{"href":"https:\/\/www.tokyo-band.cz\/index.php\/wp-json\/wp\/v2\/posts\/1030","targetHints":{"allow":["GET"]}}],"collection":[{"href":"https:\/\/www.tokyo-band.cz\/index.php\/wp-json\/wp\/v2\/posts"}],"about":[{"href":"https:\/\/www.tokyo-band.cz\/index.php\/wp-json\/wp\/v2\/types\/post"}],"author":[{"embeddable":true,"href":"https:\/\/www.tokyo-band.cz\/index.php\/wp-json\/wp\/v2\/users\/1"}],"replies":[{"embeddable":true,"href":"https:\/\/www.tokyo-band.cz\/index.php\/wp-json\/wp\/v2\/comments?post=1030"}],"version-history":[{"count":2,"href":"https:\/\/www.tokyo-band.cz\/index.php\/wp-json\/wp\/v2\/posts\/1030\/revisions"}],"predecessor-version":[{"id":1048,"href":"https:\/\/www.tokyo-band.cz\/index.php\/wp-json\/wp\/v2\/posts\/1030\/revisions\/1048"}],"wp:attachment":[{"href":"https:\/\/www.tokyo-band.cz\/index.php\/wp-json\/wp\/v2\/media?parent=1030"}],"wp:term":[{"taxonomy":"category","embeddable":true,"href":"https:\/\/www.tokyo-band.cz\/index.php\/wp-json\/wp\/v2\/categories?post=1030"},{"taxonomy":"post_tag","embeddable":true,"href":"https:\/\/www.tokyo-band.cz\/index.php\/wp-json\/wp\/v2\/tags?post=1030"}],"curies":[{"name":"wp","href":"https:\/\/api.w.org\/{rel}","templated":true}]}}