{"id":1039,"date":"2022-01-31T17:28:47","date_gmt":"2022-01-31T16:28:47","guid":{"rendered":"https:\/\/www.tokyo-band.cz\/?p=1039"},"modified":"2022-01-31T17:34:19","modified_gmt":"2022-01-31T16:34:19","slug":"zemechveni","status":"publish","type":"post","link":"https:\/\/www.tokyo-band.cz\/index.php\/2022\/01\/31\/zemechveni\/","title":{"rendered":"Zem\u011bchv\u011bn\u00ed (Tak proto 2021)"},"content":{"rendered":"\n<p>Pomalu vosk kane a olizuje kov<br>Knot zaprsk\u00e1 a sv\u00ed\u010dka za\u010dad\u00ed<br>Noc p\u0159ip\u00edj\u00ed si s r\u00e1nem, ko\u010dky zahajuj\u00ed lov<br>B\u011bda my\u0161\u00edm, co se prozrad\u00ed<\/p>\n\n\n\n<p>U\u017e zav\u00edr\u00e1m o\u010di a sly\u0161\u00edm jak sp\u00ed\u0161<br>A kocou\u0159i proch\u00e1z\u00ed zd\u00ed<br>A plamen sv\u00ed\u010dky sko\u010d\u00ed, jak lapen\u00e1 my\u0161<br>T\u00edm lehk\u00e9 zem\u011bchv\u011bn\u00ed zp\u016fsob\u00ed<\/p>\n\n\n\n<p>Voda bubl\u00e1 a kou\u0159\u00ed, kdy\u017e mi zal\u00e9v\u00e1\u0161 \u010daj<br>A\u017e l\u00edstky se v tanci rozto\u010d\u00ed<br>I kon\u011b z p\u016flno\u010dn\u00edch bou\u0159\u00ed na\u0161li svou st\u00e1j<br>A \u010dekaj\u00ed, a\u017e je r\u00e1no ocho\u010d\u00ed<br><br>Prob\u00edr\u00e1m t\u011blo a o\u010dich\u00e1v\u00e1m sv\u011bt\u00a0<br>A m\u017eour\u00e1m, jak lapen\u00e1 my\u0161<br>A ty mi pohlad\u00ed\u0161 \u010delo a bez slov a v\u011bt<br>Lehk\u00e9 zem\u011bchv\u011bn\u00ed zp\u016fsob\u00ed\u0161<\/p>\n\n\n\n<p>Tak tu \u017eijeme na dn\u011b nebe<br>Tak tu \u017eijeme na dn\u011b nebe<\/p>\n","protected":false},"excerpt":{"rendered":"<p>Pomalu vosk kane a olizuje kovKnot zaprsk\u00e1 a sv\u00ed\u010dka za\u010dad\u00edNoc p\u0159ip\u00edj\u00ed si s r\u00e1nem, ko\u010dky zahajuj\u00ed lovB\u011bda my\u0161\u00edm, co se prozrad\u00ed U\u017e zav\u00edr\u00e1m o\u010di a sly\u0161\u00edm jak sp\u00ed\u0161A kocou\u0159i proch\u00e1z\u00ed zd\u00edA plamen sv\u00ed\u010dky sko\u010d\u00ed, jak lapen\u00e1 my\u0161T\u00edm lehk\u00e9 zem\u011bchv\u011bn\u00ed zp\u016fsob\u00ed Voda bubl\u00e1 a kou\u0159\u00ed, kdy\u017e mi zal\u00e9v\u00e1\u0161 \u010dajA\u017e l\u00edstky se v tanci rozto\u010d\u00edI kon\u011b z &hellip; <\/p>\n<p class=\"link-more\"><a href=\"https:\/\/www.tokyo-band.cz\/index.php\/2022\/01\/31\/zemechveni\/\" class=\"more-link\">Pokra\u010dovat ve \u010dten\u00ed<span class=\"screen-reader-text\"> &#8222;Zem\u011bchv\u011bn\u00ed (Tak proto 2021)&#8220;<\/span><\/a><\/p>\n","protected":false},"author":1,"featured_media":0,"comment_status":"open","ping_status":"open","sticky":false,"template":"","format":"standard","meta":{"footnotes":""},"categories":[7],"tags":[24,4],"class_list":["post-1039","post","type-post","status-publish","format-standard","hentry","category-texty","tag-tak-proto-2021","tag-texty"],"_links":{"self":[{"href":"https:\/\/www.tokyo-band.cz\/index.php\/wp-json\/wp\/v2\/posts\/1039","targetHints":{"allow":["GET"]}}],"collection":[{"href":"https:\/\/www.tokyo-band.cz\/index.php\/wp-json\/wp\/v2\/posts"}],"about":[{"href":"https:\/\/www.tokyo-band.cz\/index.php\/wp-json\/wp\/v2\/types\/post"}],"author":[{"embeddable":true,"href":"https:\/\/www.tokyo-band.cz\/index.php\/wp-json\/wp\/v2\/users\/1"}],"replies":[{"embeddable":true,"href":"https:\/\/www.tokyo-band.cz\/index.php\/wp-json\/wp\/v2\/comments?post=1039"}],"version-history":[{"count":2,"href":"https:\/\/www.tokyo-band.cz\/index.php\/wp-json\/wp\/v2\/posts\/1039\/revisions"}],"predecessor-version":[{"id":1044,"href":"https:\/\/www.tokyo-band.cz\/index.php\/wp-json\/wp\/v2\/posts\/1039\/revisions\/1044"}],"wp:attachment":[{"href":"https:\/\/www.tokyo-band.cz\/index.php\/wp-json\/wp\/v2\/media?parent=1039"}],"wp:term":[{"taxonomy":"category","embeddable":true,"href":"https:\/\/www.tokyo-band.cz\/index.php\/wp-json\/wp\/v2\/categories?post=1039"},{"taxonomy":"post_tag","embeddable":true,"href":"https:\/\/www.tokyo-band.cz\/index.php\/wp-json\/wp\/v2\/tags?post=1039"}],"curies":[{"name":"wp","href":"https:\/\/api.w.org\/{rel}","templated":true}]}}