{"id":1089,"date":"2022-12-16T19:30:08","date_gmt":"2022-12-16T18:30:08","guid":{"rendered":"https:\/\/www.tokyo-band.cz\/?p=1089"},"modified":"2023-11-05T12:26:27","modified_gmt":"2023-11-05T11:26:27","slug":"nova-vanocni-pisen-kousek-dal-stedry-den-s-marketou-vodickovou","status":"publish","type":"post","link":"https:\/\/www.tokyo-band.cz\/index.php\/2022\/12\/16\/nova-vanocni-pisen-kousek-dal-stedry-den-s-marketou-vodickovou\/","title":{"rendered":"Nov\u00e1 v\u00e1no\u010dn\u00ed p\u00edse\u0148 Kousek d\u00e1l (\u0160t\u011bdr\u00fd den) s Mark\u00e9tou Vodi\u010dkovou"},"content":{"rendered":"\n<p>Vznikla za\u010d\u00e1tkem prosince 2022 v reakci na sou\u010dasn\u00e9 d\u011bn\u00ed a bl\u00ed\u017e\u00edc\u00ed se sv\u00e1tky klidu. Pak p\u0159i\u0161lo rychl\u00e9 a intenzivn\u00ed nahr\u00e1v\u00e1n\u00ed ve studiu, dohoda s Mark\u00e9tou, \u017ee z v\u00e1no\u010dn\u00ed p\u00edsn\u011b ud\u011bl\u00e1me duet a n\u00e1sledn\u011b nat\u00e1\u010den\u00ed zp\u011bvu a videa. Se sn\u00edm\u00e1n\u00edm klipu n\u00e1m hodn\u011b pomohl Tom\u00e1\u0161 Machal\u00ednek a jeho telefon a dron:-)<br>Pr\u00e1ce to byla radostn\u00e1, douf\u00e1m, \u017ee to na v\u00fdsledku je poznat. A taky douf\u00e1m, \u017ee u\u017e p\u0159\u00ed\u0161t\u00ed V\u00e1noce \u010d\u00e1st v\u00fdznamu p\u00edse\u0148 pozbyde&#8230;<br><br>M\u016f\u017eete ji sly\u0161et a vid\u011bt zde<br><\/p>\n\n\n\n<figure class=\"wp-block-embed is-type-video is-provider-youtube wp-block-embed-youtube wp-embed-aspect-16-9 wp-has-aspect-ratio\"><div class=\"wp-block-embed__wrapper\">\n<div class=\"epyt-video-wrapper\"><iframe loading=\"lazy\"  id=\"_ytid_66042\"  width=\"525\" height=\"295\"  data-origwidth=\"525\" data-origheight=\"295\" src=\"https:\/\/www.youtube.com\/embed\/fDw_JrF8hd8?enablejsapi=1&#038;autoplay=0&#038;cc_load_policy=0&#038;cc_lang_pref=&#038;iv_load_policy=1&#038;loop=0&#038;rel=1&#038;fs=1&#038;playsinline=0&#038;autohide=2&#038;theme=dark&#038;color=red&#038;controls=1&#038;disablekb=0&#038;\" class=\"__youtube_prefs__  epyt-is-override  no-lazyload\" title=\"YouTube player\"  allow=\"fullscreen; accelerometer; autoplay; clipboard-write; encrypted-media; gyroscope; picture-in-picture; web-share\" referrerpolicy=\"strict-origin-when-cross-origin\" allowfullscreen data-no-lazy=\"1\" data-skipgform_ajax_framebjll=\"\"><\/iframe><\/div>\n<\/div><\/figure>\n","protected":false},"excerpt":{"rendered":"<p>Vznikla za\u010d\u00e1tkem prosince 2022 v reakci na sou\u010dasn\u00e9 d\u011bn\u00ed a bl\u00ed\u017e\u00edc\u00ed se sv\u00e1tky klidu. Pak p\u0159i\u0161lo rychl\u00e9 a intenzivn\u00ed nahr\u00e1v\u00e1n\u00ed ve studiu, dohoda s Mark\u00e9tou, \u017ee z v\u00e1no\u010dn\u00ed p\u00edsn\u011b ud\u011bl\u00e1me duet a n\u00e1sledn\u011b nat\u00e1\u010den\u00ed zp\u011bvu a videa. Se sn\u00edm\u00e1n\u00edm klipu n\u00e1m hodn\u011b pomohl Tom\u00e1\u0161 Machal\u00ednek a jeho telefon a dron:-)Pr\u00e1ce to byla radostn\u00e1, douf\u00e1m, \u017ee &hellip; <\/p>\n<p class=\"link-more\"><a href=\"https:\/\/www.tokyo-band.cz\/index.php\/2022\/12\/16\/nova-vanocni-pisen-kousek-dal-stedry-den-s-marketou-vodickovou\/\" class=\"more-link\">Pokra\u010dovat ve \u010dten\u00ed<span class=\"screen-reader-text\"> &#8222;Nov\u00e1 v\u00e1no\u010dn\u00ed p\u00edse\u0148 Kousek d\u00e1l (\u0160t\u011bdr\u00fd den) s Mark\u00e9tou Vodi\u010dkovou&#8220;<\/span><\/a><\/p>\n","protected":false},"author":1,"featured_media":1090,"comment_status":"open","ping_status":"open","sticky":false,"template":"","format":"standard","meta":{"footnotes":""},"categories":[2],"tags":[26],"class_list":["post-1089","post","type-post","status-publish","format-standard","has-post-thumbnail","hentry","category-novinky","tag-klipy"],"_links":{"self":[{"href":"https:\/\/www.tokyo-band.cz\/index.php\/wp-json\/wp\/v2\/posts\/1089","targetHints":{"allow":["GET"]}}],"collection":[{"href":"https:\/\/www.tokyo-band.cz\/index.php\/wp-json\/wp\/v2\/posts"}],"about":[{"href":"https:\/\/www.tokyo-band.cz\/index.php\/wp-json\/wp\/v2\/types\/post"}],"author":[{"embeddable":true,"href":"https:\/\/www.tokyo-band.cz\/index.php\/wp-json\/wp\/v2\/users\/1"}],"replies":[{"embeddable":true,"href":"https:\/\/www.tokyo-band.cz\/index.php\/wp-json\/wp\/v2\/comments?post=1089"}],"version-history":[{"count":1,"href":"https:\/\/www.tokyo-band.cz\/index.php\/wp-json\/wp\/v2\/posts\/1089\/revisions"}],"predecessor-version":[{"id":1091,"href":"https:\/\/www.tokyo-band.cz\/index.php\/wp-json\/wp\/v2\/posts\/1089\/revisions\/1091"}],"wp:featuredmedia":[{"embeddable":true,"href":"https:\/\/www.tokyo-band.cz\/index.php\/wp-json\/wp\/v2\/media\/1090"}],"wp:attachment":[{"href":"https:\/\/www.tokyo-band.cz\/index.php\/wp-json\/wp\/v2\/media?parent=1089"}],"wp:term":[{"taxonomy":"category","embeddable":true,"href":"https:\/\/www.tokyo-band.cz\/index.php\/wp-json\/wp\/v2\/categories?post=1089"},{"taxonomy":"post_tag","embeddable":true,"href":"https:\/\/www.tokyo-band.cz\/index.php\/wp-json\/wp\/v2\/tags?post=1089"}],"curies":[{"name":"wp","href":"https:\/\/api.w.org\/{rel}","templated":true}]}}