{"id":536,"date":"2018-02-09T12:12:21","date_gmt":"2018-02-09T12:12:21","guid":{"rendered":"http:\/\/www.tokyo-band.cz\/?p=536"},"modified":"2018-02-09T12:12:21","modified_gmt":"2018-02-09T12:12:21","slug":"kachny","status":"publish","type":"post","link":"https:\/\/www.tokyo-band.cz\/index.php\/2018\/02\/09\/kachny\/","title":{"rendered":"Kachny"},"content":{"rendered":"<ol>\n<li style=\"font-weight: 400;\"><span style=\"font-weight: 400;\">Tak \u0161upem brat\u0159i z postel\u00ed, jdem st\u00e1do na hrad hn\u00e1t, vymetem marast z toho chl\u00edva,<\/span><span style=\"font-weight: 400;\"><br \/>\n<\/span><span style=\"font-weight: 400;\">A jednou ranou zast\u0159el\u00edme, kdo se bude sm\u00e1t, a\u017e budem pod vlajkama zp\u00edvat<\/span><span style=\"font-weight: 400;\"><br \/>\n<\/span><span style=\"font-weight: 400;\">Tak a\u0165 se zp\u00edv\u00e1, a\u0165 zvony ml\u00e1t\u00ed a o zbytek a\u0165 postar\u00e1 se B\u016fh<\/span><span style=\"font-weight: 400;\"><br \/>\n<\/span><span style=\"font-weight: 400;\">Jedni h\u0159\u00ed\u0161n\u00ed jsou a jedni svat\u00ed a kolem u\u0161\u00ed vzduch<\/span><span style=\"font-weight: 400;\"><\/p>\n<p><\/span><\/li>\n<li style=\"font-weight: 400;\"><span style=\"font-weight: 400;\">M\u00e1 tla\u010denku a ocet a v nep\u0159estupn\u00e9m roce v \u00fanoru Horym\u00edra slav\u00ed <\/span><span style=\"font-weight: 400;\"><br \/>\n<\/span><span style=\"font-weight: 400;\">A ka\u017ed\u00fd ve\u010der d\u016fm jak nep\u0159est\u0159elit ter\u010d, kdy\u017e smol\u00ed anonymn\u00ed zpr\u00e1vy<\/span><span style=\"font-weight: 400;\"><br \/>\n<\/span><span style=\"font-weight: 400;\">Tak a\u0165 se zp\u00edv\u00e1, a\u0165 zvony ml\u00e1t\u00ed a o zbytek a\u0165 postar\u00e1 se B\u016fh<\/span><span style=\"font-weight: 400;\"><br \/>\n<\/span><span style=\"font-weight: 400;\">Jedni h\u0159\u00ed\u0161n\u00ed jsou a jedni svat\u00ed a kolem u\u0161\u00ed vzduch<\/p>\n<p><\/span><span style=\"font-weight: 400;\">REF:<br \/>\n<\/span><span style=\"font-weight: 400;\">A kachny t\u00e1hnou a je jich \u010d\u00edm d\u00e1l v\u00edc, t\u00e1hnou a krky do d\u00e1lky natahuj\u00ed<\/span><span style=\"font-weight: 400;\"><br \/>\n<\/span><span style=\"font-weight: 400;\">T\u00e1hnou, kejhaj\u00ed z pln\u00fdch plic a jednu velkou jedna mal\u00e1 vp\u0159edu hejna vyst\u0159\u00eddala<\/span><span style=\"font-weight: 400;\"><br \/>\n<span style=\"font-size: 1rem;\"><br \/>\n<\/span><\/span><\/li>\n<li style=\"font-weight: 400;\"><span style=\"font-weight: 400;\"><span style=\"font-size: 1rem;\">Krysa\u0159, kter\u00fd krysy \u017eene, m\u011bsto morem rozlo\u017een\u00e9, funebr\u00e1k co \u010dm\u00e1r\u00e1 na ze\u010f k\u0159\u00eddou<br \/>\n<\/span><\/span><span style=\"font-size: 1rem;\">A v\u0161ichni kte\u0159\u00ed p\u0159evl\u00e9kaj\u00ed r\u00e1no star\u00fd \u0161at, zas ve\u010der na hodokvas vyjdou<br \/>\n<\/span><span style=\"font-size: 1rem;\">Tak a\u0165 se zp\u00edv\u00e1, sukn\u011b se kr\u00e1t\u00ed a o zbytek a\u0165 postar\u00e1 se B\u016fh<br \/>\n<\/span><span style=\"font-size: 1rem;\">Jedni h\u0159\u00ed\u0161n\u00ed jsou a jedni svat\u00ed a kolem u\u0161\u00ed vzduch<\/span><\/li>\n<\/ol>\n<p><span style=\"font-weight: 400;\">REF:<\/span><span style=\"font-weight: 400;\"><br \/>\n<\/span><span style=\"font-weight: 400;\">A kachny t\u00e1hnou a je jich \u010d\u00edm d\u00e1l v\u00edc, t\u00e1hnou a krky do d\u00e1lky natahuj\u00ed<\/span><span style=\"font-weight: 400;\"><br \/>\n<\/span><span style=\"font-weight: 400;\">T\u00e1hnou, kejhaj\u00ed z pln\u00fdch plic a jednu velkou jedna mal\u00e1 vp\u0159edu hejna vyst\u0159\u00eddala<\/span><\/p>\n","protected":false},"excerpt":{"rendered":"<p>Tak \u0161upem brat\u0159i z postel\u00ed, jdem st\u00e1do na hrad hn\u00e1t, vymetem marast z toho chl\u00edva, A jednou ranou zast\u0159el\u00edme, kdo se bude sm\u00e1t, a\u017e budem pod vlajkama zp\u00edvat Tak a\u0165 se zp\u00edv\u00e1, a\u0165 zvony ml\u00e1t\u00ed a o zbytek a\u0165 postar\u00e1 se B\u016fh Jedni h\u0159\u00ed\u0161n\u00ed jsou a jedni svat\u00ed a kolem u\u0161\u00ed vzduch M\u00e1 tla\u010denku a &hellip; <\/p>\n<p class=\"link-more\"><a href=\"https:\/\/www.tokyo-band.cz\/index.php\/2018\/02\/09\/kachny\/\" class=\"more-link\">Pokra\u010dovat ve \u010dten\u00ed<span class=\"screen-reader-text\"> &#8222;Kachny&#8220;<\/span><\/a><\/p>\n","protected":false},"author":1,"featured_media":0,"comment_status":"open","ping_status":"open","sticky":false,"template":"","format":"standard","meta":{"footnotes":""},"categories":[7],"tags":[4,8],"class_list":["post-536","post","type-post","status-publish","format-standard","hentry","category-texty","tag-texty","tag-tokyo-2017"],"_links":{"self":[{"href":"https:\/\/www.tokyo-band.cz\/index.php\/wp-json\/wp\/v2\/posts\/536","targetHints":{"allow":["GET"]}}],"collection":[{"href":"https:\/\/www.tokyo-band.cz\/index.php\/wp-json\/wp\/v2\/posts"}],"about":[{"href":"https:\/\/www.tokyo-band.cz\/index.php\/wp-json\/wp\/v2\/types\/post"}],"author":[{"embeddable":true,"href":"https:\/\/www.tokyo-band.cz\/index.php\/wp-json\/wp\/v2\/users\/1"}],"replies":[{"embeddable":true,"href":"https:\/\/www.tokyo-band.cz\/index.php\/wp-json\/wp\/v2\/comments?post=536"}],"version-history":[{"count":1,"href":"https:\/\/www.tokyo-band.cz\/index.php\/wp-json\/wp\/v2\/posts\/536\/revisions"}],"predecessor-version":[{"id":537,"href":"https:\/\/www.tokyo-band.cz\/index.php\/wp-json\/wp\/v2\/posts\/536\/revisions\/537"}],"wp:attachment":[{"href":"https:\/\/www.tokyo-band.cz\/index.php\/wp-json\/wp\/v2\/media?parent=536"}],"wp:term":[{"taxonomy":"category","embeddable":true,"href":"https:\/\/www.tokyo-band.cz\/index.php\/wp-json\/wp\/v2\/categories?post=536"},{"taxonomy":"post_tag","embeddable":true,"href":"https:\/\/www.tokyo-band.cz\/index.php\/wp-json\/wp\/v2\/tags?post=536"}],"curies":[{"name":"wp","href":"https:\/\/api.w.org\/{rel}","templated":true}]}}