{"id":552,"date":"2018-02-09T15:15:10","date_gmt":"2018-02-09T15:15:10","guid":{"rendered":"http:\/\/www.tokyo-band.cz\/?p=552"},"modified":"2018-02-09T15:16:30","modified_gmt":"2018-02-09T15:16:30","slug":"papilary-tokyo-2017","status":"publish","type":"post","link":"https:\/\/www.tokyo-band.cz\/index.php\/2018\/02\/09\/papilary-tokyo-2017\/","title":{"rendered":"Papil\u00e1ry (TOKYO 2017)"},"content":{"rendered":"<ol>\n<li style=\"font-weight: 400;\"><span style=\"font-weight: 400;\">Pos\u00edl\u00e1\u0161 zpr\u00e1vy z obrovsk\u00e9 d\u00e1lky<\/span><span style=\"font-weight: 400;\"><br \/>\n<\/span><span style=\"font-weight: 400;\">kdes v\u0161ude byla a jak se ti vlastn\u011b da\u0159\u00ed<\/span><span style=\"font-weight: 400;\"><br \/>\n<\/span><span style=\"font-weight: 400;\">d\u011bl\u00ed n\u00e1s vesm\u00edr, st\u016fl a dva \u0161\u00e1lky<\/span><span style=\"font-weight: 400;\"><br \/>\n<\/span><span style=\"font-weight: 400;\">a voda v konvici je neklidn\u00e1 a va\u0159\u00ed<\/p>\n<p><\/span><\/li>\n<li style=\"font-weight: 400;\"><span style=\"font-weight: 400;\">D\u00edv\u00e1m se na t\u011b p\u0159es svoje prsty,<\/span><span style=\"font-weight: 400;\"><br \/>\n<\/span><span style=\"font-weight: 400;\">nev\u00edm pro\u010d &#8211; papil\u00e1ry doh\u00e1n\u00ed m\u011b k sm\u00edchu<\/span><span style=\"font-weight: 400;\"><br \/>\n<\/span><span style=\"font-weight: 400;\">pokyne\u0161 hlavou a vzduch je hust\u00fd?<\/span><span style=\"font-weight: 400;\"><br \/>\n<\/span><span style=\"font-weight: 400;\">\u017ee by se nakr\u00e1jet dal v tom tichu<\/p>\n<p><\/span><\/li>\n<li style=\"font-weight: 400;\"><span style=\"font-weight: 400;\">Kyvadlo kyne, jak t\u011bsto v troub\u011b,<\/span><span style=\"font-weight: 400;\"><br \/>\n<\/span><span style=\"font-weight: 400;\">vpravo je pravda, vlevo levda, dole peklo.<\/span><span style=\"font-weight: 400;\"><br \/>\n<\/span><span style=\"font-weight: 400;\">Jsi do m\u011b vs\u00e1t\u00e1, jako voda v houb\u011b<\/span><span style=\"font-weight: 400;\"><br \/>\n<\/span><span style=\"font-weight: 400;\">a ego p\u0159em\u00fd\u0161l\u00ed, co by tak na to \u0159eklo<\/p>\n<p><\/span><\/li>\n<li style=\"font-weight: 400;\"><span style=\"font-weight: 400;\">Do toho srdce ho\u0159\u00ed a plane<\/span><span style=\"font-weight: 400;\"><br \/>\n<\/span><span style=\"font-weight: 400;\">a v\u0161\u00edm t\u00edm \u017e\u00e1rem v\u0161echno kolem p\u00e1l\u00ed.<\/span><span style=\"font-weight: 400;\"><br \/>\n<\/span><span style=\"font-weight: 400;\">\u0158\u00edk\u00e1 mi d\u00edt\u011b, chlap\u010de a pane,<\/span><span style=\"font-weight: 400;\"><br \/>\n<\/span><span style=\"font-weight: 400;\">jen prudk\u00fdm schlazen\u00edm se ocel kal\u00ed.<\/p>\n<p><\/span><\/li>\n<li style=\"font-weight: 400;\"><span style=\"font-weight: 400;\">Vyt\u00e1hnu na sv\u011bt sv\u00e9 \u010dty\u0159i t\u011bla,<\/span><span style=\"font-weight: 400;\"><br \/>\n<\/span><span style=\"font-weight: 400;\">dost bylo leno\u0161en\u00ed &#8211; slunko sv\u00edt\u00ed.<\/span><span style=\"font-weight: 400;\"><br \/>\n<\/span><span style=\"font-weight: 400;\">A\u017e jednou zjist\u00edm, cos mi vlastn\u011b cht\u011bla<\/span><span style=\"font-weight: 400;\"><br \/>\n<\/span><span style=\"font-weight: 400;\"><span style=\"font-weight: 400;\">zaplat\u00edm hospodu n\u011bjak\u00fdm dobr\u00fdm pit\u00edm.<\/p>\n<p><\/span><\/span><\/li>\n<li style=\"font-weight: 400;\"><span style=\"font-size: 1rem;\">N\u011bjak se smr\u00e1k\u00e1, kojoti vyj\u00ed,<br \/>\n<\/span><span style=\"font-size: 1rem;\">a v lednici je tma a balz\u00e1m na rty.<br \/>\n<\/span><span style=\"font-size: 1rem;\">Rukama hmat\u00e1m tepnu na tv\u00e9 \u0161\u00edj\u00ed<br \/>\n<\/span><span style=\"font-size: 1rem;\">a c\u00edt\u00edm sp\u011b\u0161n\u00fd odchod no\u010dn\u00ed hl\u00eddky z varty<\/span><\/li>\n<\/ol>\n","protected":false},"excerpt":{"rendered":"<p>Pos\u00edl\u00e1\u0161 zpr\u00e1vy z obrovsk\u00e9 d\u00e1lky kdes v\u0161ude byla a jak se ti vlastn\u011b da\u0159\u00ed d\u011bl\u00ed n\u00e1s vesm\u00edr, st\u016fl a dva \u0161\u00e1lky a voda v konvici je neklidn\u00e1 a va\u0159\u00ed D\u00edv\u00e1m se na t\u011b p\u0159es svoje prsty, nev\u00edm pro\u010d &#8211; papil\u00e1ry doh\u00e1n\u00ed m\u011b k sm\u00edchu pokyne\u0161 hlavou a vzduch je hust\u00fd? \u017ee by se nakr\u00e1jet dal &hellip; <\/p>\n<p class=\"link-more\"><a href=\"https:\/\/www.tokyo-band.cz\/index.php\/2018\/02\/09\/papilary-tokyo-2017\/\" class=\"more-link\">Pokra\u010dovat ve \u010dten\u00ed<span class=\"screen-reader-text\"> &#8222;Papil\u00e1ry (TOKYO 2017)&#8220;<\/span><\/a><\/p>\n","protected":false},"author":1,"featured_media":0,"comment_status":"open","ping_status":"open","sticky":false,"template":"","format":"standard","meta":{"footnotes":""},"categories":[7],"tags":[],"class_list":["post-552","post","type-post","status-publish","format-standard","hentry","category-texty"],"_links":{"self":[{"href":"https:\/\/www.tokyo-band.cz\/index.php\/wp-json\/wp\/v2\/posts\/552","targetHints":{"allow":["GET"]}}],"collection":[{"href":"https:\/\/www.tokyo-band.cz\/index.php\/wp-json\/wp\/v2\/posts"}],"about":[{"href":"https:\/\/www.tokyo-band.cz\/index.php\/wp-json\/wp\/v2\/types\/post"}],"author":[{"embeddable":true,"href":"https:\/\/www.tokyo-band.cz\/index.php\/wp-json\/wp\/v2\/users\/1"}],"replies":[{"embeddable":true,"href":"https:\/\/www.tokyo-band.cz\/index.php\/wp-json\/wp\/v2\/comments?post=552"}],"version-history":[{"count":3,"href":"https:\/\/www.tokyo-band.cz\/index.php\/wp-json\/wp\/v2\/posts\/552\/revisions"}],"predecessor-version":[{"id":555,"href":"https:\/\/www.tokyo-band.cz\/index.php\/wp-json\/wp\/v2\/posts\/552\/revisions\/555"}],"wp:attachment":[{"href":"https:\/\/www.tokyo-band.cz\/index.php\/wp-json\/wp\/v2\/media?parent=552"}],"wp:term":[{"taxonomy":"category","embeddable":true,"href":"https:\/\/www.tokyo-band.cz\/index.php\/wp-json\/wp\/v2\/categories?post=552"},{"taxonomy":"post_tag","embeddable":true,"href":"https:\/\/www.tokyo-band.cz\/index.php\/wp-json\/wp\/v2\/tags?post=552"}],"curies":[{"name":"wp","href":"https:\/\/api.w.org\/{rel}","templated":true}]}}