{"id":559,"date":"2018-02-09T15:28:03","date_gmt":"2018-02-09T15:28:03","guid":{"rendered":"http:\/\/www.tokyo-band.cz\/?p=559"},"modified":"2018-02-09T15:30:31","modified_gmt":"2018-02-09T15:30:31","slug":"tak-proto-tokyo-2017","status":"publish","type":"post","link":"https:\/\/www.tokyo-band.cz\/index.php\/2018\/02\/09\/tak-proto-tokyo-2017\/","title":{"rendered":"Tak proto (TOKYO 2017)"},"content":{"rendered":"<ol>\n<li>Do pokoje vejde\u0161 ospal\u00e1<br \/>\nU\u017e zase jsi tu p\u0159enocoval<br \/>\nDo \u010daje mi zvolna kape med<br \/>\nU\u017e nocujem tu 27 let<\/p>\n<p><span style=\"font-size: 1rem;\">R1:<\/span>Tak zase ryju do p\u00edsku jm\u00e9no tv\u00e9 botou<br \/>\nTv\u00e9 \u010d\u00edslo u m\u011b v not\u00fdsku hlad\u00edm, tak proto<br \/>\nTak proto, kdy\u017e m\u011b hon\u00ed se nezkou\u0161\u00edm schovat<br \/>\nDva rozzu\u0159en\u00ed sloni. Rozdupou m\u011b znova<\/li>\n<li>P\u0159ipraven\u00fd k dal\u0161\u00ed obran\u011b<br \/>\nOdrobinky shrne\u0161 do dlan\u011b<br \/>\nDv\u011b ikony skryt\u00e9 na plo\u0161e<br \/>\nA obsah dlan\u011b sype\u0161 do ko\u0161e<\/p>\n<p>R2:&nbsp;<br \/>\nTak zase ryju do p\u00edsku jm\u00e9no tv\u00e9 botou<br \/>\nTv\u00e9 \u010d\u00edslo u m\u011b v not\u00fdsku hlad\u00edm, tak proto<br \/>\nTak proto, kdy\u017e m\u011b hon\u00ed se nezkou\u0161\u00edm schovat<br \/>\nDva rozzu\u0159en\u00ed sloni. Rozdupou m\u011b znova<br \/>\nA tys si set\u0159e\u0161 sp\u00e1nky a hlad\u00ed\u0161 m\u011b dlan\u00ed<br \/>\nZ vich\u0159ic p\u0159i\u0161ly v\u00e1nky a nastal klid zbran\u00ed<br \/>\nA na ubruse v\u00edno a v misce p\u00e1r oliv<br \/>\nJe \u010das j\u00edt le\u0161tit lino a je \u010das na cokoliv<\/li>\n<li>Do pokoje vejde\u0161 ospal\u00e1<br \/>\nU\u017e zase jsi tu p\u0159enocoval<br \/>\nDo \u010daje mi zvolna kape med<br \/>\nU\u017e nocujem tu 27 let<br \/>\n&nbsp;<br \/>\nR3:&nbsp;<br \/>\nTak zase ryju do p\u00edsku jm\u00e9no tv\u00e9 botou<br \/>\nTv\u00e9 \u010d\u00edslo u m\u011b v not\u00fdsku hlad\u00edm, tak proto<br \/>\nTak proto, kdy\u017e m\u011b hon\u00ed se nezkou\u0161\u00edm schovat<br \/>\nDva rozzu\u0159en\u00ed sloni. Rozdupou m\u011b znova<br \/>\nA tys si set\u0159e\u0161 sp\u00e1nky a hlad\u00ed\u0161 m\u011b dlan\u00ed<br \/>\nZ vich\u0159ic p\u0159i\u0161ly v\u00e1nky a nastal klid zbran\u00ed<br \/>\nA na ubruse v\u00edno a v misce p\u00e1r oliv<br \/>\nJe \u010das j\u00edt le\u0161tit lino a je \u010das na cokoliv<br \/>\nTak zase ryju do p\u00edsku jm\u00e9no tv\u00e9 botou<br \/>\nTv\u00e9 \u010d\u00edslo u m\u011b v not\u00fdsku hlad\u00edm, tak proto<br \/>\nTak proto, kdy\u017e m\u011b hon\u00ed se nezkou\u0161\u00edm schovat<br \/>\nDva rozzu\u0159en\u00ed sloni. Rozdupou m\u011b znova<\/li>\n<\/ol>\n","protected":false},"excerpt":{"rendered":"<p>Do pokoje vejde\u0161 ospal\u00e1 U\u017e zase jsi tu p\u0159enocoval Do \u010daje mi zvolna kape med U\u017e nocujem tu 27 let R1:Tak zase ryju do p\u00edsku jm\u00e9no tv\u00e9 botou Tv\u00e9 \u010d\u00edslo u m\u011b v not\u00fdsku hlad\u00edm, tak proto Tak proto, kdy\u017e m\u011b hon\u00ed se nezkou\u0161\u00edm schovat Dva rozzu\u0159en\u00ed sloni. Rozdupou m\u011b znova P\u0159ipraven\u00fd k dal\u0161\u00ed obran\u011b &hellip; <\/p>\n<p class=\"link-more\"><a href=\"https:\/\/www.tokyo-band.cz\/index.php\/2018\/02\/09\/tak-proto-tokyo-2017\/\" class=\"more-link\">Pokra\u010dovat ve \u010dten\u00ed<span class=\"screen-reader-text\"> &#8222;Tak proto (TOKYO 2017)&#8220;<\/span><\/a><\/p>\n","protected":false},"author":1,"featured_media":0,"comment_status":"open","ping_status":"open","sticky":false,"template":"","format":"standard","meta":{"footnotes":""},"categories":[7],"tags":[4,8],"class_list":["post-559","post","type-post","status-publish","format-standard","hentry","category-texty","tag-texty","tag-tokyo-2017"],"_links":{"self":[{"href":"https:\/\/www.tokyo-band.cz\/index.php\/wp-json\/wp\/v2\/posts\/559","targetHints":{"allow":["GET"]}}],"collection":[{"href":"https:\/\/www.tokyo-band.cz\/index.php\/wp-json\/wp\/v2\/posts"}],"about":[{"href":"https:\/\/www.tokyo-band.cz\/index.php\/wp-json\/wp\/v2\/types\/post"}],"author":[{"embeddable":true,"href":"https:\/\/www.tokyo-band.cz\/index.php\/wp-json\/wp\/v2\/users\/1"}],"replies":[{"embeddable":true,"href":"https:\/\/www.tokyo-band.cz\/index.php\/wp-json\/wp\/v2\/comments?post=559"}],"version-history":[{"count":4,"href":"https:\/\/www.tokyo-band.cz\/index.php\/wp-json\/wp\/v2\/posts\/559\/revisions"}],"predecessor-version":[{"id":563,"href":"https:\/\/www.tokyo-band.cz\/index.php\/wp-json\/wp\/v2\/posts\/559\/revisions\/563"}],"wp:attachment":[{"href":"https:\/\/www.tokyo-band.cz\/index.php\/wp-json\/wp\/v2\/media?parent=559"}],"wp:term":[{"taxonomy":"category","embeddable":true,"href":"https:\/\/www.tokyo-band.cz\/index.php\/wp-json\/wp\/v2\/categories?post=559"},{"taxonomy":"post_tag","embeddable":true,"href":"https:\/\/www.tokyo-band.cz\/index.php\/wp-json\/wp\/v2\/tags?post=559"}],"curies":[{"name":"wp","href":"https:\/\/api.w.org\/{rel}","templated":true}]}}