{"id":694,"date":"2018-02-27T10:35:35","date_gmt":"2018-02-27T09:35:35","guid":{"rendered":"http:\/\/www.tokyo-band.cz\/?p=694"},"modified":"2018-02-27T10:56:09","modified_gmt":"2018-02-27T09:56:09","slug":"papilary-z-alba-tokyo-2017-k-poslechu","status":"publish","type":"post","link":"https:\/\/www.tokyo-band.cz\/index.php\/2018\/02\/27\/papilary-z-alba-tokyo-2017-k-poslechu\/","title":{"rendered":"Papil\u00e1ry z alba TOKYO 2017 k poslechu"},"content":{"rendered":"<p>P\u0159\u00e1tel\u00e9,<\/p>\n<p>po dlouh\u00fdch t\u00fddnech cizelov\u00e1n\u00ed, lad\u011bn\u00ed a jemn\u00e9ho \u0161oup\u00e1n\u00ed potenciometr\u016f jsou kone\u010dn\u011b <strong>Papil\u00e1ry<\/strong> tak\u0159\u00edkaj\u00edc na tal\u00ed\u0159ku a k m\u00e1n\u00ed. Je to p\u00edse\u0148 intimn\u00ed a k\u0159ehk\u00e1, tak\u017ee pros\u00edm o t\u00e9m\u011b\u0159 n\u00e1bo\u017enou atmosf\u00e9ru p\u0159i poslechu a v p\u0159\u00edpad\u011b, \u017ee by se v\u00e1m zal\u00edbila, o lajkov\u00e1n\u00ed, komentov\u00e1n\u00ed a sd\u00edlen\u00ed. To je toti\u017e n\u00e1\u0161 honor\u00e1\u0159!<\/p>\n<p>M\u016f\u017eete si ji vyslechnout tady<\/p>\n<p><iframe loading=\"lazy\" src=\"https:\/\/w.soundcloud.com\/player\/?url=https%3A\/\/soundcloud.com\/kapela-tokyo\/papilary2017&amp;auto_play=false&amp;hide_related=false&amp;show_comments=true&amp;show_user=false&amp;show_reposts=false&amp;visual=true\" width=\"100%\" height=\"auto\" frameborder=\"no\" scrolling=\"no\"><\/iframe><\/p>\n<p>Z\u00e1rove\u0148 let\u00ed vzduchem a dr\u00e1tky do Spotify, Google Play a mo\u017en\u00e1 je\u0161t\u011b d\u00e1l, a\u017e za Vesm\u00edr&#8230;<\/p>\n","protected":false},"excerpt":{"rendered":"<p>P\u0159\u00e1tel\u00e9, po dlouh\u00fdch t\u00fddnech cizelov\u00e1n\u00ed, lad\u011bn\u00ed a jemn\u00e9ho \u0161oup\u00e1n\u00ed potenciometr\u016f jsou kone\u010dn\u011b Papil\u00e1ry tak\u0159\u00edkaj\u00edc na tal\u00ed\u0159ku a k m\u00e1n\u00ed. Je to p\u00edse\u0148 intimn\u00ed a k\u0159ehk\u00e1, tak\u017ee pros\u00edm o t\u00e9m\u011b\u0159 n\u00e1bo\u017enou atmosf\u00e9ru p\u0159i poslechu a v p\u0159\u00edpad\u011b, \u017ee by se v\u00e1m zal\u00edbila, o lajkov\u00e1n\u00ed, komentov\u00e1n\u00ed a sd\u00edlen\u00ed. To je toti\u017e n\u00e1\u0161 honor\u00e1\u0159! M\u016f\u017eete si ji vyslechnout &hellip; <\/p>\n<p class=\"link-more\"><a href=\"https:\/\/www.tokyo-band.cz\/index.php\/2018\/02\/27\/papilary-z-alba-tokyo-2017-k-poslechu\/\" class=\"more-link\">Pokra\u010dovat ve \u010dten\u00ed<span class=\"screen-reader-text\"> &#8222;Papil\u00e1ry z alba TOKYO 2017 k poslechu&#8220;<\/span><\/a><\/p>\n","protected":false},"author":1,"featured_media":698,"comment_status":"open","ping_status":"open","sticky":false,"template":"","format":"standard","meta":{"footnotes":""},"categories":[2],"tags":[11,8],"class_list":["post-694","post","type-post","status-publish","format-standard","has-post-thumbnail","hentry","category-novinky","tag-novinky","tag-tokyo-2017"],"_links":{"self":[{"href":"https:\/\/www.tokyo-band.cz\/index.php\/wp-json\/wp\/v2\/posts\/694","targetHints":{"allow":["GET"]}}],"collection":[{"href":"https:\/\/www.tokyo-band.cz\/index.php\/wp-json\/wp\/v2\/posts"}],"about":[{"href":"https:\/\/www.tokyo-band.cz\/index.php\/wp-json\/wp\/v2\/types\/post"}],"author":[{"embeddable":true,"href":"https:\/\/www.tokyo-band.cz\/index.php\/wp-json\/wp\/v2\/users\/1"}],"replies":[{"embeddable":true,"href":"https:\/\/www.tokyo-band.cz\/index.php\/wp-json\/wp\/v2\/comments?post=694"}],"version-history":[{"count":3,"href":"https:\/\/www.tokyo-band.cz\/index.php\/wp-json\/wp\/v2\/posts\/694\/revisions"}],"predecessor-version":[{"id":697,"href":"https:\/\/www.tokyo-band.cz\/index.php\/wp-json\/wp\/v2\/posts\/694\/revisions\/697"}],"wp:featuredmedia":[{"embeddable":true,"href":"https:\/\/www.tokyo-band.cz\/index.php\/wp-json\/wp\/v2\/media\/698"}],"wp:attachment":[{"href":"https:\/\/www.tokyo-band.cz\/index.php\/wp-json\/wp\/v2\/media?parent=694"}],"wp:term":[{"taxonomy":"category","embeddable":true,"href":"https:\/\/www.tokyo-band.cz\/index.php\/wp-json\/wp\/v2\/categories?post=694"},{"taxonomy":"post_tag","embeddable":true,"href":"https:\/\/www.tokyo-band.cz\/index.php\/wp-json\/wp\/v2\/tags?post=694"}],"curies":[{"name":"wp","href":"https:\/\/api.w.org\/{rel}","templated":true}]}}