{"id":702,"date":"2018-03-21T13:36:47","date_gmt":"2018-03-21T12:36:47","guid":{"rendered":"http:\/\/www.tokyo-band.cz\/?p=702"},"modified":"2018-03-21T14:14:59","modified_gmt":"2018-03-21T13:14:59","slug":"koncert-v-sope-12-4-2018","status":"publish","type":"post","link":"https:\/\/www.tokyo-band.cz\/index.php\/2018\/03\/21\/koncert-v-sope-12-4-2018\/","title":{"rendered":"Koncert v \u0160op\u011b 12.4.2018"},"content":{"rendered":"<p>Mil\u00e1\u010dci tak u\u017e se to bl\u00ed\u017e\u00ed,<\/p>\n<p>na term\u00edn <strong>12. dubna 2018<\/strong> p\u0159edvedeme v \u0160op\u011b ve Zl\u00edn\u011b p\u00e1r kr\u00e1sn\u00fdch p\u00edsn\u00ed , co\u017e je tradi\u010dn\u00ed jarn\u00ed hudebn\u00ed ritu\u00e1l. A TOKYO hraje v pln\u00e9 s\u00edle, nejen\u017ee dod\u011bl\u00e1v\u00e1me star\u0161\u00ed nahr\u00e1vky, ale pracujeme i na nov\u00fdch kusech a pevn\u011b v\u011b\u0159\u00edm, \u017ee si \u010d\u00e1st t\u00e9 \u017eivotad\u00e1rn\u00e9 energie odnesete i z \u0160opy dom\u016f.<\/p>\n<p>Na p\u00f3diu, krom\u011b ost\u0159\u00edlen\u00fdch bard\u016f, zahraje i vynikaj\u00edc\u00ed <strong>Jakub Lutner<\/strong> na basu a ani fenomen\u00e1ln\u00ed <strong>Franti\u0161ek Slav\u00edk<\/strong> na trumpetu nebude chyb\u011bt.<\/p>\n<p>Dokonce to vypad\u00e1, \u017ee se rozezn\u00ed i lib\u00e9 hlasy d\u00edv\u010d\u00edho tria, jeho\u017e jm\u00e9no se styd\u00edm vyslovit i napsat, ale v ka\u017ed\u00e9m p\u0159\u00edpad\u011b jde o <strong>Magdu, Alenu a Zuzanu<\/strong>.<\/p>\n<p>Tak si to pozna\u010dte do di\u00e1\u0159\u016f, p\u0159ipomenu se v\u00e1m je\u0161t\u011b p\u0159ed term\u00ednem.<\/p>\n<p>&nbsp;<\/p>\n","protected":false},"excerpt":{"rendered":"<p>Mil\u00e1\u010dci tak u\u017e se to bl\u00ed\u017e\u00ed, na term\u00edn 12. dubna 2018 p\u0159edvedeme v \u0160op\u011b ve Zl\u00edn\u011b p\u00e1r kr\u00e1sn\u00fdch p\u00edsn\u00ed , co\u017e je tradi\u010dn\u00ed jarn\u00ed hudebn\u00ed ritu\u00e1l. A TOKYO hraje v pln\u00e9 s\u00edle, nejen\u017ee dod\u011bl\u00e1v\u00e1me star\u0161\u00ed nahr\u00e1vky, ale pracujeme i na nov\u00fdch kusech a pevn\u011b v\u011b\u0159\u00edm, \u017ee si \u010d\u00e1st t\u00e9 \u017eivotad\u00e1rn\u00e9 energie odnesete i z \u0160opy &hellip; <\/p>\n<p class=\"link-more\"><a href=\"https:\/\/www.tokyo-band.cz\/index.php\/2018\/03\/21\/koncert-v-sope-12-4-2018\/\" class=\"more-link\">Pokra\u010dovat ve \u010dten\u00ed<span class=\"screen-reader-text\"> &#8222;Koncert v \u0160op\u011b 12.4.2018&#8220;<\/span><\/a><\/p>\n","protected":false},"author":1,"featured_media":232,"comment_status":"open","ping_status":"open","sticky":false,"template":"","format":"standard","meta":{"footnotes":""},"categories":[2],"tags":[12],"class_list":["post-702","post","type-post","status-publish","format-standard","has-post-thumbnail","hentry","category-novinky","tag-koncert"],"_links":{"self":[{"href":"https:\/\/www.tokyo-band.cz\/index.php\/wp-json\/wp\/v2\/posts\/702","targetHints":{"allow":["GET"]}}],"collection":[{"href":"https:\/\/www.tokyo-band.cz\/index.php\/wp-json\/wp\/v2\/posts"}],"about":[{"href":"https:\/\/www.tokyo-band.cz\/index.php\/wp-json\/wp\/v2\/types\/post"}],"author":[{"embeddable":true,"href":"https:\/\/www.tokyo-band.cz\/index.php\/wp-json\/wp\/v2\/users\/1"}],"replies":[{"embeddable":true,"href":"https:\/\/www.tokyo-band.cz\/index.php\/wp-json\/wp\/v2\/comments?post=702"}],"version-history":[{"count":2,"href":"https:\/\/www.tokyo-band.cz\/index.php\/wp-json\/wp\/v2\/posts\/702\/revisions"}],"predecessor-version":[{"id":704,"href":"https:\/\/www.tokyo-band.cz\/index.php\/wp-json\/wp\/v2\/posts\/702\/revisions\/704"}],"wp:featuredmedia":[{"embeddable":true,"href":"https:\/\/www.tokyo-band.cz\/index.php\/wp-json\/wp\/v2\/media\/232"}],"wp:attachment":[{"href":"https:\/\/www.tokyo-band.cz\/index.php\/wp-json\/wp\/v2\/media?parent=702"}],"wp:term":[{"taxonomy":"category","embeddable":true,"href":"https:\/\/www.tokyo-band.cz\/index.php\/wp-json\/wp\/v2\/categories?post=702"},{"taxonomy":"post_tag","embeddable":true,"href":"https:\/\/www.tokyo-band.cz\/index.php\/wp-json\/wp\/v2\/tags?post=702"}],"curies":[{"name":"wp","href":"https:\/\/api.w.org\/{rel}","templated":true}]}}