{"id":705,"date":"2018-03-21T14:31:47","date_gmt":"2018-03-21T13:31:47","guid":{"rendered":"http:\/\/www.tokyo-band.cz\/?p=705"},"modified":"2018-03-21T14:33:56","modified_gmt":"2018-03-21T13:33:56","slug":"v-posledni-dobe-nova-nahravka-v-eteru","status":"publish","type":"post","link":"https:\/\/www.tokyo-band.cz\/index.php\/2018\/03\/21\/v-posledni-dobe-nova-nahravka-v-eteru\/","title":{"rendered":"V posledn\u00ed dob\u011b &#8211; nov\u00e1 nahr\u00e1vka v \u00e9teru"},"content":{"rendered":"<p>Moji mil\u00ed,<\/p>\n<p>dnes je den pro novou p\u00edse\u0148 <strong>V posledn\u00ed dob\u011b<\/strong>, tak\u017ee si ji m\u016f\u017eete poslechnout, zamilovat a n\u00e1sledn\u011b dlouh\u00e9 dny bezd\u011b\u010dn\u011b notovat:-) Nen\u00ed teda \u00fapln\u011b jarn\u00ed, ani vesel\u00e1, ale nad\u011bje tam v hloubce n\u011bjak\u00e1 je.<\/p>\n<p>Je mo\u017en\u00e9, \u017ee ji je\u0161t\u011b \u010dasem obohat\u00ed n\u011bjak\u00fd kr\u00e1sn\u00fd n\u00e1stroj, ale u\u017e jsem seznal, \u017ee ji chci poslat do sv\u011bta&#8230;Tak si ji u\u017eijte.<\/p>\n<p><iframe loading=\"lazy\" src=\"https:\/\/w.soundcloud.com\/player\/?url=https%3A\/\/soundcloud.com\/kapela-tokyo\/v-posledni-dobe&amp;auto_play=false&amp;hide_related=false&amp;show_comments=true&amp;show_user=false&amp;show_reposts=false&amp;visual=true\" width=\"100%\" height=\"auto\" frameborder=\"no\" scrolling=\"no\"><\/iframe><\/p>\n<p>Martin<\/p>\n","protected":false},"excerpt":{"rendered":"<p>Moji mil\u00ed, dnes je den pro novou p\u00edse\u0148 V posledn\u00ed dob\u011b, tak\u017ee si ji m\u016f\u017eete poslechnout, zamilovat a n\u00e1sledn\u011b dlouh\u00e9 dny bezd\u011b\u010dn\u011b notovat:-) Nen\u00ed teda \u00fapln\u011b jarn\u00ed, ani vesel\u00e1, ale nad\u011bje tam v hloubce n\u011bjak\u00e1 je. Je mo\u017en\u00e9, \u017ee ji je\u0161t\u011b \u010dasem obohat\u00ed n\u011bjak\u00fd kr\u00e1sn\u00fd n\u00e1stroj, ale u\u017e jsem seznal, \u017ee ji chci poslat do &hellip; <\/p>\n<p class=\"link-more\"><a href=\"https:\/\/www.tokyo-band.cz\/index.php\/2018\/03\/21\/v-posledni-dobe-nova-nahravka-v-eteru\/\" class=\"more-link\">Pokra\u010dovat ve \u010dten\u00ed<span class=\"screen-reader-text\"> &#8222;V posledn\u00ed dob\u011b &#8211; nov\u00e1 nahr\u00e1vka v \u00e9teru&#8220;<\/span><\/a><\/p>\n","protected":false},"author":1,"featured_media":707,"comment_status":"open","ping_status":"open","sticky":false,"template":"","format":"standard","meta":{"footnotes":""},"categories":[2],"tags":[8],"class_list":["post-705","post","type-post","status-publish","format-standard","has-post-thumbnail","hentry","category-novinky","tag-tokyo-2017"],"_links":{"self":[{"href":"https:\/\/www.tokyo-band.cz\/index.php\/wp-json\/wp\/v2\/posts\/705","targetHints":{"allow":["GET"]}}],"collection":[{"href":"https:\/\/www.tokyo-band.cz\/index.php\/wp-json\/wp\/v2\/posts"}],"about":[{"href":"https:\/\/www.tokyo-band.cz\/index.php\/wp-json\/wp\/v2\/types\/post"}],"author":[{"embeddable":true,"href":"https:\/\/www.tokyo-band.cz\/index.php\/wp-json\/wp\/v2\/users\/1"}],"replies":[{"embeddable":true,"href":"https:\/\/www.tokyo-band.cz\/index.php\/wp-json\/wp\/v2\/comments?post=705"}],"version-history":[{"count":1,"href":"https:\/\/www.tokyo-band.cz\/index.php\/wp-json\/wp\/v2\/posts\/705\/revisions"}],"predecessor-version":[{"id":706,"href":"https:\/\/www.tokyo-band.cz\/index.php\/wp-json\/wp\/v2\/posts\/705\/revisions\/706"}],"wp:featuredmedia":[{"embeddable":true,"href":"https:\/\/www.tokyo-band.cz\/index.php\/wp-json\/wp\/v2\/media\/707"}],"wp:attachment":[{"href":"https:\/\/www.tokyo-band.cz\/index.php\/wp-json\/wp\/v2\/media?parent=705"}],"wp:term":[{"taxonomy":"category","embeddable":true,"href":"https:\/\/www.tokyo-band.cz\/index.php\/wp-json\/wp\/v2\/categories?post=705"},{"taxonomy":"post_tag","embeddable":true,"href":"https:\/\/www.tokyo-band.cz\/index.php\/wp-json\/wp\/v2\/tags?post=705"}],"curies":[{"name":"wp","href":"https:\/\/api.w.org\/{rel}","templated":true}]}}